{"id":820,"date":"2023-11-27T11:26:40","date_gmt":"2023-11-27T11:26:40","guid":{"rendered":"https:\/\/www.gruber.cz\/tdp\/?p=820"},"modified":"2023-11-27T11:26:41","modified_gmt":"2023-11-27T11:26:41","slug":"prezencni-kurz-rychlocteni-v-praze","status":"publish","type":"post","link":"https:\/\/www.gruber.cz\/tdp\/uncategorized\/prezencni-kurz-rychlocteni-v-praze\/","title":{"rendered":"Prezen\u010dn\u00ed kurz rychlo\u010dten\u00ed v Praze"},"content":{"rendered":"\n<p>Po del\u0161\u00ed dob\u011b se zase uskute\u010dn\u00ed <strong>prezen\u010dn\u00ed kurz<\/strong> rychlo\u010dten\u00ed v Praze 1 &#8211; a to v p\u00e1tek 1. 12. 2023 od 9 hodin. Kdo jste nem\u011bli \u010das a prostor sledovat term\u00edny &#8211; tak p\u0159ipom\u00edn\u00e1m. Lid\u00ed je dost, aby se tento kurz uskute\u010dnil, kon\u00e1n\u00ed je tedy jist\u00e9. A m\u016f\u017eete se p\u0159ipojit.<\/p>\n\n\n\n<p><br>D\u00e1lkov\u00e9 <strong>videokurzy<\/strong> rychlo\u010dten\u00ed jdou st\u00e1le na dra\u010dku:<br><br>(https:\/\/www.kurzyproradost.cz\/kurz\/rychlocteni-davida-grubera-240?pid=291654)<br>A jen za v\u010derej\u0161ek registruji t\u0159i prodeje cel\u00fdch videokurz\u016f. Celkem za rok a n\u011bco je 1787 studuj\u00edc\u00edch tohoto videokurzu&#8230;) St\u00e1le v\u00edce lid\u00ed se p\u0159esv\u011bd\u010duje, \u017ee bez grubrovsk\u00e9ho rychlo\u010dten\u00ed je dne\u0161n\u00ed modern\u00ed \u010dlov\u011bk mimo\u2026 jako bez mobilu \ud83d\ude42<br><br>Kdo v\u0161ak preferuje osobn\u00ed setk\u00e1n\u00ed s u\u010ditelem a jeho bezprost\u0159edn\u00ed zp\u011btnou vazbu, kontaktujete n\u00e1s sm\u011ble na info@gruber.cz, tel. 605 833 652. Kdo u\u017e to jednou ovl\u00e1dl a pou\u017e\u00edv\u00e1, tak to m\u00e1 na cel\u00fd \u017eivot, ha!<\/p>\n\n\n\n<p>Ne nadarmo se na letn\u00ed kurz rychlo\u010dten\u00ed autora Davida Grubera ji\u017e v roce 1986 st\u00e1ly p\u0159ed prodejn\u00edmi m\u00edsty v prvn\u00ed den prodeje fronty p\u0159es noc&#8230;<\/p>\n\n\n\n<p><em>P\u0159ipom\u00edn\u00e1m historii:<\/em><\/p>\n\n\n\n<p><em> Komplexn\u00ed kurz soft skills nazvan\u00fd a proslaven\u00fd tehdy pod n\u00e1zvem &#8222;Kurs rychl\u00e9ho \u010dten\u00ed&#8220; nebo taky &#8222;Kurs racion\u00e1ln\u00edho \u010dten\u00ed&#8220; m\u011bl premi\u00e9ru pro ve\u0159ejnost \u010dty\u0159mi jednot\u00fddenn\u00edmi pobytov\u00fdmi letn\u00edmi kurzy od poloviny \u010dervence do poloviny srpna 1984. Za\u010d\u00e1tek prodeje byl v 16 pobo\u010dk\u00e1ch cestovn\u00ed kancel\u00e1\u0159e CKM na za\u010d\u00e1tku b\u0159ezna t\u00e9ho\u017e roku. Kurzy se vyprodaly <\/em><strong><em>ji\u017e za dva m\u011bs\u00edce, co\u017e bylo pro mana\u017eery CKM p\u0159\u00edjemn\u00e9 p\u0159ekvapen\u00ed.<\/em> <\/strong><\/p>\n\n\n\n<p><em>V roce 1985 se kurzy vypr<\/em>o<em>daly <strong>za jeden t\u00fdden<\/strong>. A byly st\u00ed\u017enosti v novin\u00e1<\/em>c<em>h od lid\u00ed, na kter\u00e9 se nedostalo.<\/em><\/p>\n\n\n\n<p><em>V roce 1986 byla zdvojn\u00e1sobena kapacita letn\u00edch kurz\u016f. A to u\u017e se st\u00e1ly fronty p\u0159es noc. Na pobo\u010dku CKM jen v Ostrav\u011b se v 8 hodin r\u00e1no nahrnulo t\u0159icet lid\u00ed, z toho dev\u011btadvacet cht\u011blo Grubera a jeho kurz rychlo\u010dten\u00ed. Pracovnice CKM zoufale vyt\u00e1\u010dely telefonn\u00ed \u010d\u00edsla do pra\u017esk\u00e9 centr\u00e1ly. St\u00e1le obsazeno&#8230; Poprv\u00e9 se dovolaly a\u017e v 8:40 &#8211; a \u017ee zb\u00fdv\u00e1 posledn\u00ed jedno m\u00edsto na Gruberovo rychlo\u010dten\u00ed. Tedy &#8211; <strong>vyprod\u00e1no za 40 minut!<\/strong><\/em><\/p>\n\n\n\n<p><em>A zasv\u011bcen\u00ed v\u011bd\u00ed, \u017ee to nebylo ani tak t\u00e9matem, ale hlavn\u011b jeho origin\u00e1ln\u00edm autorsk\u00fdm multimetodick\u00fdm zpracov\u00e1n\u00edm s<\/em> <em>mnoha nov\u00fdmi cenn\u00fdmi objevy v psychologii informac\u00ed&#8230;<\/em><\/p>\n\n\n\n<p><\/p>\n","protected":false},"excerpt":{"rendered":"<p>Po del\u0161\u00ed dob\u011b se zase uskute\u010dn\u00ed prezen\u010dn\u00ed kurz rychlo\u010dten\u00ed v Praze 1 &#8211; a to v p\u00e1tek 1. 12. 2023 od 9 hodin. Kdo jste nem\u011bli \u010das a prostor sledovat term\u00edny &#8211; tak p\u0159ipom\u00edn\u00e1m. Lid\u00ed je dost, aby se tento kurz uskute\u010dnil, kon\u00e1n\u00ed je tedy jist\u00e9. A m\u016f\u017eete se p\u0159ipojit. D\u00e1lkov\u00e9 videokurzy rychlo\u010dten\u00ed jdou st\u00e1le&hellip;<\/p>\n<p class=\"more-link-wrapper\"><a class=\"more-link\" href=\"https:\/\/www.gruber.cz\/tdp\/uncategorized\/prezencni-kurz-rychlocteni-v-praze\/\">Continue<\/a><\/p>\n","protected":false},"author":4,"featured_media":0,"comment_status":"closed","ping_status":"open","sticky":false,"template":"","format":"standard","meta":{"footnotes":""},"categories":[1],"tags":[],"class_list":["post-820","post","type-post","status-publish","format-standard","hentry","category-uncategorized"],"yoast_head":"<!-- This site is optimized with the Yoast SEO plugin v25.5 - https:\/\/yoast.com\/wordpress\/plugins\/seo\/ -->\n<title>Prezen\u010dn\u00ed kurz rychlo\u010dten\u00ed v Praze - David Gruber<\/title>\n<meta name=\"robots\" content=\"index, follow, max-snippet:-1, max-image-preview:large, max-video-preview:-1\" \/>\n<link rel=\"canonical\" href=\"https:\/\/www.gruber.cz\/tdp\/uncategorized\/prezencni-kurz-rychlocteni-v-praze\/\" \/>\n<meta property=\"og:locale\" content=\"cs_CZ\" \/>\n<meta property=\"og:type\" content=\"article\" \/>\n<meta property=\"og:title\" content=\"Prezen\u010dn\u00ed kurz rychlo\u010dten\u00ed v Praze - David Gruber\" \/>\n<meta property=\"og:description\" content=\"Po del\u0161\u00ed dob\u011b se zase uskute\u010dn\u00ed prezen\u010dn\u00ed kurz rychlo\u010dten\u00ed v Praze 1 &#8211; a to v p\u00e1tek 1. 12. 2023 od 9 hodin. Kdo jste nem\u011bli \u010das a prostor sledovat term\u00edny &#8211; tak p\u0159ipom\u00edn\u00e1m. Lid\u00ed je dost, aby se tento kurz uskute\u010dnil, kon\u00e1n\u00ed je tedy jist\u00e9. A m\u016f\u017eete se p\u0159ipojit. D\u00e1lkov\u00e9 videokurzy rychlo\u010dten\u00ed jdou st\u00e1le&hellip;Continue\" \/>\n<meta property=\"og:url\" content=\"https:\/\/www.gruber.cz\/tdp\/uncategorized\/prezencni-kurz-rychlocteni-v-praze\/\" \/>\n<meta property=\"og:site_name\" content=\"David Gruber\" \/>\n<meta property=\"article:publisher\" content=\"https:\/\/www.facebook.com\/gruber.cz\/\" \/>\n<meta property=\"article:published_time\" content=\"2023-11-27T11:26:40+00:00\" \/>\n<meta property=\"article:modified_time\" content=\"2023-11-27T11:26:41+00:00\" \/>\n<meta name=\"author\" content=\"David Gruber\" \/>\n<meta name=\"twitter:card\" content=\"summary_large_image\" \/>\n<meta name=\"twitter:label1\" content=\"Napsal(a)\" \/>\n\t<meta name=\"twitter:data1\" content=\"David Gruber\" \/>\n\t<meta name=\"twitter:label2\" content=\"Odhadovan\u00e1 doba \u010dten\u00ed\" \/>\n\t<meta name=\"twitter:data2\" content=\"2 minuty\" \/>\n<script type=\"application\/ld+json\" class=\"yoast-schema-graph\">{\"@context\":\"https:\/\/schema.org\",\"@graph\":[{\"@type\":\"Article\",\"@id\":\"https:\/\/www.gruber.cz\/tdp\/uncategorized\/prezencni-kurz-rychlocteni-v-praze\/#article\",\"isPartOf\":{\"@id\":\"https:\/\/www.gruber.cz\/tdp\/uncategorized\/prezencni-kurz-rychlocteni-v-praze\/\"},\"author\":{\"name\":\"David Gruber\",\"@id\":\"https:\/\/www.gruber.cz\/tdp\/#\/schema\/person\/215b967d01dd5710ae82387662c4e568\"},\"headline\":\"Prezen\u010dn\u00ed kurz rychlo\u010dten\u00ed v Praze\",\"datePublished\":\"2023-11-27T11:26:40+00:00\",\"dateModified\":\"2023-11-27T11:26:41+00:00\",\"mainEntityOfPage\":{\"@id\":\"https:\/\/www.gruber.cz\/tdp\/uncategorized\/prezencni-kurz-rychlocteni-v-praze\/\"},\"wordCount\":440,\"publisher\":{\"@id\":\"https:\/\/www.gruber.cz\/tdp\/#organization\"},\"articleSection\":[\"Uncategorized\"],\"inLanguage\":\"cs\"},{\"@type\":\"WebPage\",\"@id\":\"https:\/\/www.gruber.cz\/tdp\/uncategorized\/prezencni-kurz-rychlocteni-v-praze\/\",\"url\":\"https:\/\/www.gruber.cz\/tdp\/uncategorized\/prezencni-kurz-rychlocteni-v-praze\/\",\"name\":\"Prezen\u010dn\u00ed kurz rychlo\u010dten\u00ed v Praze - David Gruber\",\"isPartOf\":{\"@id\":\"https:\/\/www.gruber.cz\/tdp\/#website\"},\"datePublished\":\"2023-11-27T11:26:40+00:00\",\"dateModified\":\"2023-11-27T11:26:41+00:00\",\"breadcrumb\":{\"@id\":\"https:\/\/www.gruber.cz\/tdp\/uncategorized\/prezencni-kurz-rychlocteni-v-praze\/#breadcrumb\"},\"inLanguage\":\"cs\",\"potentialAction\":[{\"@type\":\"ReadAction\",\"target\":[\"https:\/\/www.gruber.cz\/tdp\/uncategorized\/prezencni-kurz-rychlocteni-v-praze\/\"]}]},{\"@type\":\"BreadcrumbList\",\"@id\":\"https:\/\/www.gruber.cz\/tdp\/uncategorized\/prezencni-kurz-rychlocteni-v-praze\/#breadcrumb\",\"itemListElement\":[{\"@type\":\"ListItem\",\"position\":1,\"name\":\"Dom\u016f\",\"item\":\"https:\/\/www.gruber.cz\/tdp\/\"},{\"@type\":\"ListItem\",\"position\":2,\"name\":\"Prezen\u010dn\u00ed kurz rychlo\u010dten\u00ed v Praze\"}]},{\"@type\":\"WebSite\",\"@id\":\"https:\/\/www.gruber.cz\/tdp\/#website\",\"url\":\"https:\/\/www.gruber.cz\/tdp\/\",\"name\":\"David Gruber\",\"description\":\"Techniky du&scaron;evn&iacute; pr&aacute;ce\",\"publisher\":{\"@id\":\"https:\/\/www.gruber.cz\/tdp\/#organization\"},\"potentialAction\":[{\"@type\":\"SearchAction\",\"target\":{\"@type\":\"EntryPoint\",\"urlTemplate\":\"https:\/\/www.gruber.cz\/tdp\/?s={search_term_string}\"},\"query-input\":{\"@type\":\"PropertyValueSpecification\",\"valueRequired\":true,\"valueName\":\"search_term_string\"}}],\"inLanguage\":\"cs\"},{\"@type\":\"Organization\",\"@id\":\"https:\/\/www.gruber.cz\/tdp\/#organization\",\"name\":\"Gruber-TDP\",\"url\":\"https:\/\/www.gruber.cz\/tdp\/\",\"logo\":{\"@type\":\"ImageObject\",\"inLanguage\":\"cs\",\"@id\":\"https:\/\/www.gruber.cz\/tdp\/#\/schema\/logo\/image\/\",\"url\":\"https:\/\/www.gruber.cz\/tdp\/wp-content\/uploads\/2017\/03\/cropped-DG2s.jpg\",\"contentUrl\":\"https:\/\/www.gruber.cz\/tdp\/wp-content\/uploads\/2017\/03\/cropped-DG2s.jpg\",\"width\":512,\"height\":512,\"caption\":\"Gruber-TDP\"},\"image\":{\"@id\":\"https:\/\/www.gruber.cz\/tdp\/#\/schema\/logo\/image\/\"},\"sameAs\":[\"https:\/\/www.facebook.com\/gruber.cz\/\",\"https:\/\/www.youtube.com\/user\/GruberTDP\"]},{\"@type\":\"Person\",\"@id\":\"https:\/\/www.gruber.cz\/tdp\/#\/schema\/person\/215b967d01dd5710ae82387662c4e568\",\"name\":\"David Gruber\",\"image\":{\"@type\":\"ImageObject\",\"inLanguage\":\"cs\",\"@id\":\"https:\/\/www.gruber.cz\/tdp\/#\/schema\/person\/image\/\",\"url\":\"https:\/\/secure.gravatar.com\/avatar\/25135751edf4fa4a6d1fc7a290ed9a7e0201b1e5ab22f620285401c87d56fa51?s=96&d=mm&r=pg\",\"contentUrl\":\"https:\/\/secure.gravatar.com\/avatar\/25135751edf4fa4a6d1fc7a290ed9a7e0201b1e5ab22f620285401c87d56fa51?s=96&d=mm&r=pg\",\"caption\":\"David Gruber\"}}]}<\/script>\n<!-- \/ Yoast SEO plugin. -->","yoast_head_json":{"title":"Prezen\u010dn\u00ed kurz rychlo\u010dten\u00ed v Praze - David Gruber","robots":{"index":"index","follow":"follow","max-snippet":"max-snippet:-1","max-image-preview":"max-image-preview:large","max-video-preview":"max-video-preview:-1"},"canonical":"https:\/\/www.gruber.cz\/tdp\/uncategorized\/prezencni-kurz-rychlocteni-v-praze\/","og_locale":"cs_CZ","og_type":"article","og_title":"Prezen\u010dn\u00ed kurz rychlo\u010dten\u00ed v Praze - David Gruber","og_description":"Po del\u0161\u00ed dob\u011b se zase uskute\u010dn\u00ed prezen\u010dn\u00ed kurz rychlo\u010dten\u00ed v Praze 1 &#8211; a to v p\u00e1tek 1. 12. 2023 od 9 hodin. Kdo jste nem\u011bli \u010das a prostor sledovat term\u00edny &#8211; tak p\u0159ipom\u00edn\u00e1m. Lid\u00ed je dost, aby se tento kurz uskute\u010dnil, kon\u00e1n\u00ed je tedy jist\u00e9. A m\u016f\u017eete se p\u0159ipojit. D\u00e1lkov\u00e9 videokurzy rychlo\u010dten\u00ed jdou st\u00e1le&hellip;Continue","og_url":"https:\/\/www.gruber.cz\/tdp\/uncategorized\/prezencni-kurz-rychlocteni-v-praze\/","og_site_name":"David Gruber","article_publisher":"https:\/\/www.facebook.com\/gruber.cz\/","article_published_time":"2023-11-27T11:26:40+00:00","article_modified_time":"2023-11-27T11:26:41+00:00","author":"David Gruber","twitter_card":"summary_large_image","twitter_misc":{"Napsal(a)":"David Gruber","Odhadovan\u00e1 doba \u010dten\u00ed":"2 minuty"},"schema":{"@context":"https:\/\/schema.org","@graph":[{"@type":"Article","@id":"https:\/\/www.gruber.cz\/tdp\/uncategorized\/prezencni-kurz-rychlocteni-v-praze\/#article","isPartOf":{"@id":"https:\/\/www.gruber.cz\/tdp\/uncategorized\/prezencni-kurz-rychlocteni-v-praze\/"},"author":{"name":"David Gruber","@id":"https:\/\/www.gruber.cz\/tdp\/#\/schema\/person\/215b967d01dd5710ae82387662c4e568"},"headline":"Prezen\u010dn\u00ed kurz rychlo\u010dten\u00ed v Praze","datePublished":"2023-11-27T11:26:40+00:00","dateModified":"2023-11-27T11:26:41+00:00","mainEntityOfPage":{"@id":"https:\/\/www.gruber.cz\/tdp\/uncategorized\/prezencni-kurz-rychlocteni-v-praze\/"},"wordCount":440,"publisher":{"@id":"https:\/\/www.gruber.cz\/tdp\/#organization"},"articleSection":["Uncategorized"],"inLanguage":"cs"},{"@type":"WebPage","@id":"https:\/\/www.gruber.cz\/tdp\/uncategorized\/prezencni-kurz-rychlocteni-v-praze\/","url":"https:\/\/www.gruber.cz\/tdp\/uncategorized\/prezencni-kurz-rychlocteni-v-praze\/","name":"Prezen\u010dn\u00ed kurz rychlo\u010dten\u00ed v Praze - David Gruber","isPartOf":{"@id":"https:\/\/www.gruber.cz\/tdp\/#website"},"datePublished":"2023-11-27T11:26:40+00:00","dateModified":"2023-11-27T11:26:41+00:00","breadcrumb":{"@id":"https:\/\/www.gruber.cz\/tdp\/uncategorized\/prezencni-kurz-rychlocteni-v-praze\/#breadcrumb"},"inLanguage":"cs","potentialAction":[{"@type":"ReadAction","target":["https:\/\/www.gruber.cz\/tdp\/uncategorized\/prezencni-kurz-rychlocteni-v-praze\/"]}]},{"@type":"BreadcrumbList","@id":"https:\/\/www.gruber.cz\/tdp\/uncategorized\/prezencni-kurz-rychlocteni-v-praze\/#breadcrumb","itemListElement":[{"@type":"ListItem","position":1,"name":"Dom\u016f","item":"https:\/\/www.gruber.cz\/tdp\/"},{"@type":"ListItem","position":2,"name":"Prezen\u010dn\u00ed kurz rychlo\u010dten\u00ed v Praze"}]},{"@type":"WebSite","@id":"https:\/\/www.gruber.cz\/tdp\/#website","url":"https:\/\/www.gruber.cz\/tdp\/","name":"David Gruber","description":"Techniky du&scaron;evn&iacute; pr&aacute;ce","publisher":{"@id":"https:\/\/www.gruber.cz\/tdp\/#organization"},"potentialAction":[{"@type":"SearchAction","target":{"@type":"EntryPoint","urlTemplate":"https:\/\/www.gruber.cz\/tdp\/?s={search_term_string}"},"query-input":{"@type":"PropertyValueSpecification","valueRequired":true,"valueName":"search_term_string"}}],"inLanguage":"cs"},{"@type":"Organization","@id":"https:\/\/www.gruber.cz\/tdp\/#organization","name":"Gruber-TDP","url":"https:\/\/www.gruber.cz\/tdp\/","logo":{"@type":"ImageObject","inLanguage":"cs","@id":"https:\/\/www.gruber.cz\/tdp\/#\/schema\/logo\/image\/","url":"https:\/\/www.gruber.cz\/tdp\/wp-content\/uploads\/2017\/03\/cropped-DG2s.jpg","contentUrl":"https:\/\/www.gruber.cz\/tdp\/wp-content\/uploads\/2017\/03\/cropped-DG2s.jpg","width":512,"height":512,"caption":"Gruber-TDP"},"image":{"@id":"https:\/\/www.gruber.cz\/tdp\/#\/schema\/logo\/image\/"},"sameAs":["https:\/\/www.facebook.com\/gruber.cz\/","https:\/\/www.youtube.com\/user\/GruberTDP"]},{"@type":"Person","@id":"https:\/\/www.gruber.cz\/tdp\/#\/schema\/person\/215b967d01dd5710ae82387662c4e568","name":"David Gruber","image":{"@type":"ImageObject","inLanguage":"cs","@id":"https:\/\/www.gruber.cz\/tdp\/#\/schema\/person\/image\/","url":"https:\/\/secure.gravatar.com\/avatar\/25135751edf4fa4a6d1fc7a290ed9a7e0201b1e5ab22f620285401c87d56fa51?s=96&d=mm&r=pg","contentUrl":"https:\/\/secure.gravatar.com\/avatar\/25135751edf4fa4a6d1fc7a290ed9a7e0201b1e5ab22f620285401c87d56fa51?s=96&d=mm&r=pg","caption":"David Gruber"}}]}},"_links":{"self":[{"href":"https:\/\/www.gruber.cz\/tdp\/wp-json\/wp\/v2\/posts\/820","targetHints":{"allow":["GET"]}}],"collection":[{"href":"https:\/\/www.gruber.cz\/tdp\/wp-json\/wp\/v2\/posts"}],"about":[{"href":"https:\/\/www.gruber.cz\/tdp\/wp-json\/wp\/v2\/types\/post"}],"author":[{"embeddable":true,"href":"https:\/\/www.gruber.cz\/tdp\/wp-json\/wp\/v2\/users\/4"}],"replies":[{"embeddable":true,"href":"https:\/\/www.gruber.cz\/tdp\/wp-json\/wp\/v2\/comments?post=820"}],"version-history":[{"count":1,"href":"https:\/\/www.gruber.cz\/tdp\/wp-json\/wp\/v2\/posts\/820\/revisions"}],"predecessor-version":[{"id":821,"href":"https:\/\/www.gruber.cz\/tdp\/wp-json\/wp\/v2\/posts\/820\/revisions\/821"}],"wp:attachment":[{"href":"https:\/\/www.gruber.cz\/tdp\/wp-json\/wp\/v2\/media?parent=820"}],"wp:term":[{"taxonomy":"category","embeddable":true,"href":"https:\/\/www.gruber.cz\/tdp\/wp-json\/wp\/v2\/categories?post=820"},{"taxonomy":"post_tag","embeddable":true,"href":"https:\/\/www.gruber.cz\/tdp\/wp-json\/wp\/v2\/tags?post=820"}],"curies":[{"name":"wp","href":"https:\/\/api.w.org\/{rel}","templated":true}]}}