{"id":387,"date":"2019-02-02T12:19:48","date_gmt":"2019-02-02T12:19:48","guid":{"rendered":"http:\/\/www.gruber.cz\/tdp\/?p=387"},"modified":"2019-02-09T13:56:05","modified_gmt":"2019-02-09T13:56:05","slug":"co-by-se-mely-ve-skole-ucit-nase-deti","status":"publish","type":"post","link":"https:\/\/www.gruber.cz\/tdp\/uncategorized\/co-by-se-mely-ve-skole-ucit-nase-deti\/","title":{"rendered":"Co by se m\u011bly ve \u0161kole u\u010dit na\u0161e d\u011bti"},"content":{"rendered":"<div data-contents=\"true\">\n<div class=\"\" data-block=\"true\" data-editor=\"6ebdb\" data-offset-key=\"3a4to-0-0\"><\/div>\n<div class=\"\" data-block=\"true\" data-editor=\"6ebdb\" data-offset-key=\"43gsf-0-0\">\n<div class=\"_1mf _1mj\" data-offset-key=\"43gsf-0-0\"><a href=\"https:\/\/gruber.blog.idnes.cz\/blog.aspx?c=699138\"><span data-offset-key=\"43gsf-0-0\">https:\/\/gruber.blog.idnes.cz\/blog.aspx?c=699138<\/span><\/a><\/div>\n<\/div>\n<\/div>\n","protected":false},"excerpt":{"rendered":"<p>https:\/\/gruber.blog.idnes.cz\/blog.aspx?c=699138<\/p>\n","protected":false},"author":4,"featured_media":0,"comment_status":"open","ping_status":"open","sticky":false,"template":"","format":"standard","meta":{"footnotes":""},"categories":[1],"tags":[],"class_list":["post-387","post","type-post","status-publish","format-standard","hentry","category-uncategorized"],"yoast_head":"<!-- This site is optimized with the Yoast SEO plugin v25.5 - https:\/\/yoast.com\/wordpress\/plugins\/seo\/ -->\n<title>Co by se m\u011bly ve \u0161kole u\u010dit na\u0161e d\u011bti - David Gruber<\/title>\n<meta name=\"robots\" content=\"index, follow, max-snippet:-1, max-image-preview:large, max-video-preview:-1\" \/>\n<link rel=\"canonical\" href=\"https:\/\/www.gruber.cz\/tdp\/uncategorized\/co-by-se-mely-ve-skole-ucit-nase-deti\/\" \/>\n<meta property=\"og:locale\" content=\"cs_CZ\" \/>\n<meta property=\"og:type\" content=\"article\" \/>\n<meta property=\"og:title\" content=\"Co by se m\u011bly ve \u0161kole u\u010dit na\u0161e d\u011bti - David Gruber\" \/>\n<meta property=\"og:description\" content=\"https:\/\/gruber.blog.idnes.cz\/blog.aspx?c=699138\" \/>\n<meta property=\"og:url\" content=\"https:\/\/www.gruber.cz\/tdp\/uncategorized\/co-by-se-mely-ve-skole-ucit-nase-deti\/\" \/>\n<meta property=\"og:site_name\" content=\"David Gruber\" \/>\n<meta property=\"article:publisher\" content=\"https:\/\/www.facebook.com\/gruber.cz\/\" \/>\n<meta property=\"article:published_time\" content=\"2019-02-02T12:19:48+00:00\" \/>\n<meta property=\"article:modified_time\" content=\"2019-02-09T13:56:05+00:00\" \/>\n<meta name=\"author\" content=\"David Gruber\" \/>\n<meta name=\"twitter:card\" content=\"summary_large_image\" \/>\n<meta name=\"twitter:label1\" content=\"Napsal(a)\" \/>\n\t<meta name=\"twitter:data1\" content=\"David Gruber\" \/>\n<script type=\"application\/ld+json\" class=\"yoast-schema-graph\">{\"@context\":\"https:\/\/schema.org\",\"@graph\":[{\"@type\":\"Article\",\"@id\":\"https:\/\/www.gruber.cz\/tdp\/uncategorized\/co-by-se-mely-ve-skole-ucit-nase-deti\/#article\",\"isPartOf\":{\"@id\":\"https:\/\/www.gruber.cz\/tdp\/uncategorized\/co-by-se-mely-ve-skole-ucit-nase-deti\/\"},\"author\":{\"name\":\"David Gruber\",\"@id\":\"https:\/\/www.gruber.cz\/tdp\/#\/schema\/person\/215b967d01dd5710ae82387662c4e568\"},\"headline\":\"Co by se m\u011bly ve \u0161kole u\u010dit na\u0161e d\u011bti\",\"datePublished\":\"2019-02-02T12:19:48+00:00\",\"dateModified\":\"2019-02-09T13:56:05+00:00\",\"mainEntityOfPage\":{\"@id\":\"https:\/\/www.gruber.cz\/tdp\/uncategorized\/co-by-se-mely-ve-skole-ucit-nase-deti\/\"},\"wordCount\":21,\"commentCount\":0,\"publisher\":{\"@id\":\"https:\/\/www.gruber.cz\/tdp\/#organization\"},\"articleSection\":[\"Uncategorized\"],\"inLanguage\":\"cs\",\"potentialAction\":[{\"@type\":\"CommentAction\",\"name\":\"Comment\",\"target\":[\"https:\/\/www.gruber.cz\/tdp\/uncategorized\/co-by-se-mely-ve-skole-ucit-nase-deti\/#respond\"]}]},{\"@type\":\"WebPage\",\"@id\":\"https:\/\/www.gruber.cz\/tdp\/uncategorized\/co-by-se-mely-ve-skole-ucit-nase-deti\/\",\"url\":\"https:\/\/www.gruber.cz\/tdp\/uncategorized\/co-by-se-mely-ve-skole-ucit-nase-deti\/\",\"name\":\"Co by se m\u011bly ve \u0161kole u\u010dit na\u0161e d\u011bti - David Gruber\",\"isPartOf\":{\"@id\":\"https:\/\/www.gruber.cz\/tdp\/#website\"},\"datePublished\":\"2019-02-02T12:19:48+00:00\",\"dateModified\":\"2019-02-09T13:56:05+00:00\",\"breadcrumb\":{\"@id\":\"https:\/\/www.gruber.cz\/tdp\/uncategorized\/co-by-se-mely-ve-skole-ucit-nase-deti\/#breadcrumb\"},\"inLanguage\":\"cs\",\"potentialAction\":[{\"@type\":\"ReadAction\",\"target\":[\"https:\/\/www.gruber.cz\/tdp\/uncategorized\/co-by-se-mely-ve-skole-ucit-nase-deti\/\"]}]},{\"@type\":\"BreadcrumbList\",\"@id\":\"https:\/\/www.gruber.cz\/tdp\/uncategorized\/co-by-se-mely-ve-skole-ucit-nase-deti\/#breadcrumb\",\"itemListElement\":[{\"@type\":\"ListItem\",\"position\":1,\"name\":\"Dom\u016f\",\"item\":\"https:\/\/www.gruber.cz\/tdp\/\"},{\"@type\":\"ListItem\",\"position\":2,\"name\":\"Co by se m\u011bly ve \u0161kole u\u010dit na\u0161e d\u011bti\"}]},{\"@type\":\"WebSite\",\"@id\":\"https:\/\/www.gruber.cz\/tdp\/#website\",\"url\":\"https:\/\/www.gruber.cz\/tdp\/\",\"name\":\"David Gruber\",\"description\":\"Techniky du&scaron;evn&iacute; pr&aacute;ce\",\"publisher\":{\"@id\":\"https:\/\/www.gruber.cz\/tdp\/#organization\"},\"potentialAction\":[{\"@type\":\"SearchAction\",\"target\":{\"@type\":\"EntryPoint\",\"urlTemplate\":\"https:\/\/www.gruber.cz\/tdp\/?s={search_term_string}\"},\"query-input\":{\"@type\":\"PropertyValueSpecification\",\"valueRequired\":true,\"valueName\":\"search_term_string\"}}],\"inLanguage\":\"cs\"},{\"@type\":\"Organization\",\"@id\":\"https:\/\/www.gruber.cz\/tdp\/#organization\",\"name\":\"Gruber-TDP\",\"url\":\"https:\/\/www.gruber.cz\/tdp\/\",\"logo\":{\"@type\":\"ImageObject\",\"inLanguage\":\"cs\",\"@id\":\"https:\/\/www.gruber.cz\/tdp\/#\/schema\/logo\/image\/\",\"url\":\"https:\/\/www.gruber.cz\/tdp\/wp-content\/uploads\/2017\/03\/cropped-DG2s.jpg\",\"contentUrl\":\"https:\/\/www.gruber.cz\/tdp\/wp-content\/uploads\/2017\/03\/cropped-DG2s.jpg\",\"width\":512,\"height\":512,\"caption\":\"Gruber-TDP\"},\"image\":{\"@id\":\"https:\/\/www.gruber.cz\/tdp\/#\/schema\/logo\/image\/\"},\"sameAs\":[\"https:\/\/www.facebook.com\/gruber.cz\/\",\"https:\/\/www.youtube.com\/user\/GruberTDP\"]},{\"@type\":\"Person\",\"@id\":\"https:\/\/www.gruber.cz\/tdp\/#\/schema\/person\/215b967d01dd5710ae82387662c4e568\",\"name\":\"David Gruber\",\"image\":{\"@type\":\"ImageObject\",\"inLanguage\":\"cs\",\"@id\":\"https:\/\/www.gruber.cz\/tdp\/#\/schema\/person\/image\/\",\"url\":\"https:\/\/secure.gravatar.com\/avatar\/25135751edf4fa4a6d1fc7a290ed9a7e0201b1e5ab22f620285401c87d56fa51?s=96&d=mm&r=pg\",\"contentUrl\":\"https:\/\/secure.gravatar.com\/avatar\/25135751edf4fa4a6d1fc7a290ed9a7e0201b1e5ab22f620285401c87d56fa51?s=96&d=mm&r=pg\",\"caption\":\"David Gruber\"}}]}<\/script>\n<!-- \/ Yoast SEO plugin. -->","yoast_head_json":{"title":"Co by se m\u011bly ve \u0161kole u\u010dit na\u0161e d\u011bti - David Gruber","robots":{"index":"index","follow":"follow","max-snippet":"max-snippet:-1","max-image-preview":"max-image-preview:large","max-video-preview":"max-video-preview:-1"},"canonical":"https:\/\/www.gruber.cz\/tdp\/uncategorized\/co-by-se-mely-ve-skole-ucit-nase-deti\/","og_locale":"cs_CZ","og_type":"article","og_title":"Co by se m\u011bly ve \u0161kole u\u010dit na\u0161e d\u011bti - David Gruber","og_description":"https:\/\/gruber.blog.idnes.cz\/blog.aspx?c=699138","og_url":"https:\/\/www.gruber.cz\/tdp\/uncategorized\/co-by-se-mely-ve-skole-ucit-nase-deti\/","og_site_name":"David Gruber","article_publisher":"https:\/\/www.facebook.com\/gruber.cz\/","article_published_time":"2019-02-02T12:19:48+00:00","article_modified_time":"2019-02-09T13:56:05+00:00","author":"David Gruber","twitter_card":"summary_large_image","twitter_misc":{"Napsal(a)":"David Gruber"},"schema":{"@context":"https:\/\/schema.org","@graph":[{"@type":"Article","@id":"https:\/\/www.gruber.cz\/tdp\/uncategorized\/co-by-se-mely-ve-skole-ucit-nase-deti\/#article","isPartOf":{"@id":"https:\/\/www.gruber.cz\/tdp\/uncategorized\/co-by-se-mely-ve-skole-ucit-nase-deti\/"},"author":{"name":"David Gruber","@id":"https:\/\/www.gruber.cz\/tdp\/#\/schema\/person\/215b967d01dd5710ae82387662c4e568"},"headline":"Co by se m\u011bly ve \u0161kole u\u010dit na\u0161e d\u011bti","datePublished":"2019-02-02T12:19:48+00:00","dateModified":"2019-02-09T13:56:05+00:00","mainEntityOfPage":{"@id":"https:\/\/www.gruber.cz\/tdp\/uncategorized\/co-by-se-mely-ve-skole-ucit-nase-deti\/"},"wordCount":21,"commentCount":0,"publisher":{"@id":"https:\/\/www.gruber.cz\/tdp\/#organization"},"articleSection":["Uncategorized"],"inLanguage":"cs","potentialAction":[{"@type":"CommentAction","name":"Comment","target":["https:\/\/www.gruber.cz\/tdp\/uncategorized\/co-by-se-mely-ve-skole-ucit-nase-deti\/#respond"]}]},{"@type":"WebPage","@id":"https:\/\/www.gruber.cz\/tdp\/uncategorized\/co-by-se-mely-ve-skole-ucit-nase-deti\/","url":"https:\/\/www.gruber.cz\/tdp\/uncategorized\/co-by-se-mely-ve-skole-ucit-nase-deti\/","name":"Co by se m\u011bly ve \u0161kole u\u010dit na\u0161e d\u011bti - David Gruber","isPartOf":{"@id":"https:\/\/www.gruber.cz\/tdp\/#website"},"datePublished":"2019-02-02T12:19:48+00:00","dateModified":"2019-02-09T13:56:05+00:00","breadcrumb":{"@id":"https:\/\/www.gruber.cz\/tdp\/uncategorized\/co-by-se-mely-ve-skole-ucit-nase-deti\/#breadcrumb"},"inLanguage":"cs","potentialAction":[{"@type":"ReadAction","target":["https:\/\/www.gruber.cz\/tdp\/uncategorized\/co-by-se-mely-ve-skole-ucit-nase-deti\/"]}]},{"@type":"BreadcrumbList","@id":"https:\/\/www.gruber.cz\/tdp\/uncategorized\/co-by-se-mely-ve-skole-ucit-nase-deti\/#breadcrumb","itemListElement":[{"@type":"ListItem","position":1,"name":"Dom\u016f","item":"https:\/\/www.gruber.cz\/tdp\/"},{"@type":"ListItem","position":2,"name":"Co by se m\u011bly ve \u0161kole u\u010dit na\u0161e d\u011bti"}]},{"@type":"WebSite","@id":"https:\/\/www.gruber.cz\/tdp\/#website","url":"https:\/\/www.gruber.cz\/tdp\/","name":"David Gruber","description":"Techniky du&scaron;evn&iacute; pr&aacute;ce","publisher":{"@id":"https:\/\/www.gruber.cz\/tdp\/#organization"},"potentialAction":[{"@type":"SearchAction","target":{"@type":"EntryPoint","urlTemplate":"https:\/\/www.gruber.cz\/tdp\/?s={search_term_string}"},"query-input":{"@type":"PropertyValueSpecification","valueRequired":true,"valueName":"search_term_string"}}],"inLanguage":"cs"},{"@type":"Organization","@id":"https:\/\/www.gruber.cz\/tdp\/#organization","name":"Gruber-TDP","url":"https:\/\/www.gruber.cz\/tdp\/","logo":{"@type":"ImageObject","inLanguage":"cs","@id":"https:\/\/www.gruber.cz\/tdp\/#\/schema\/logo\/image\/","url":"https:\/\/www.gruber.cz\/tdp\/wp-content\/uploads\/2017\/03\/cropped-DG2s.jpg","contentUrl":"https:\/\/www.gruber.cz\/tdp\/wp-content\/uploads\/2017\/03\/cropped-DG2s.jpg","width":512,"height":512,"caption":"Gruber-TDP"},"image":{"@id":"https:\/\/www.gruber.cz\/tdp\/#\/schema\/logo\/image\/"},"sameAs":["https:\/\/www.facebook.com\/gruber.cz\/","https:\/\/www.youtube.com\/user\/GruberTDP"]},{"@type":"Person","@id":"https:\/\/www.gruber.cz\/tdp\/#\/schema\/person\/215b967d01dd5710ae82387662c4e568","name":"David Gruber","image":{"@type":"ImageObject","inLanguage":"cs","@id":"https:\/\/www.gruber.cz\/tdp\/#\/schema\/person\/image\/","url":"https:\/\/secure.gravatar.com\/avatar\/25135751edf4fa4a6d1fc7a290ed9a7e0201b1e5ab22f620285401c87d56fa51?s=96&d=mm&r=pg","contentUrl":"https:\/\/secure.gravatar.com\/avatar\/25135751edf4fa4a6d1fc7a290ed9a7e0201b1e5ab22f620285401c87d56fa51?s=96&d=mm&r=pg","caption":"David Gruber"}}]}},"_links":{"self":[{"href":"https:\/\/www.gruber.cz\/tdp\/wp-json\/wp\/v2\/posts\/387","targetHints":{"allow":["GET"]}}],"collection":[{"href":"https:\/\/www.gruber.cz\/tdp\/wp-json\/wp\/v2\/posts"}],"about":[{"href":"https:\/\/www.gruber.cz\/tdp\/wp-json\/wp\/v2\/types\/post"}],"author":[{"embeddable":true,"href":"https:\/\/www.gruber.cz\/tdp\/wp-json\/wp\/v2\/users\/4"}],"replies":[{"embeddable":true,"href":"https:\/\/www.gruber.cz\/tdp\/wp-json\/wp\/v2\/comments?post=387"}],"version-history":[{"count":3,"href":"https:\/\/www.gruber.cz\/tdp\/wp-json\/wp\/v2\/posts\/387\/revisions"}],"predecessor-version":[{"id":394,"href":"https:\/\/www.gruber.cz\/tdp\/wp-json\/wp\/v2\/posts\/387\/revisions\/394"}],"wp:attachment":[{"href":"https:\/\/www.gruber.cz\/tdp\/wp-json\/wp\/v2\/media?parent=387"}],"wp:term":[{"taxonomy":"category","embeddable":true,"href":"https:\/\/www.gruber.cz\/tdp\/wp-json\/wp\/v2\/categories?post=387"},{"taxonomy":"post_tag","embeddable":true,"href":"https:\/\/www.gruber.cz\/tdp\/wp-json\/wp\/v2\/tags?post=387"}],"curies":[{"name":"wp","href":"https:\/\/api.w.org\/{rel}","templated":true}]}}